{"id":125,"date":"2025-05-04T14:22:59","date_gmt":"2025-05-04T12:22:59","guid":{"rendered":"https:\/\/insidergreen.hu\/?p=125"},"modified":"2025-05-04T14:22:59","modified_gmt":"2025-05-04T12:22:59","slug":"faultetes-10-millio-fa","status":"publish","type":"post","link":"https:\/\/insidergreen.hu\/index.php\/2025\/05\/04\/faultetes-10-millio-fa\/","title":{"rendered":"\u00dajabb fa\u00fcltet\u00e9s a 10 Milli\u00f3 Fa programban"},"content":{"rendered":"<header class=\"cm-entry-header\"><\/header>\n<div class=\"cm-below-entry-meta \">A 10 Milli\u00f3 Fa k\u00f6z\u00f6ss\u00e9ge id\u00e9n el\u00e9rte egyik legnagyobb c\u00e9lj\u00e1t: 2024-ben siker\u00fclt el\u00fcltetni\u00fck 100 000 f\u00e1t szerte az orsz\u00e1gban a Nemzeti Fa\u00fcltet\u00e9s Napja alkalm\u00e1b\u00f3l.<\/div>\n<div><\/div>\n<div><\/div>\n<p><!--more--><\/p>\n<div><\/div>\n<div class=\"cm-below-entry-meta \">\u201eEmelj\u00fck a t\u00e9tet, ugyanis j\u00f6v\u0151re legal\u00e1bb ennyi csemet\u00e9t szeretn\u00e9nk kiosztani m\u00e1rcius elsej\u00e9n a hozz\u00e1nk csatlakoz\u00f3knak. Viszont ahhoz, hogy ezek a f\u00e1csk\u00e1k val\u00f3ban sz\u00e1rba sz\u00f6kkenhessenek m\u00e1r id\u00e9n meg kell rendeln\u00fcnk \u0151ket\u201d \u2013 mondta el a 10 milli\u00f3 Fa f\u0151koordin\u00e1tora, Hervai Franciska.<\/div>\n<div class=\"cm-entry-summary\">\n<p>A<a href=\"https:\/\/10milliofa.hu\/\" target=\"_blank\" rel=\"noopener\">\u00a010 milli\u00f3 Fa<\/a>\u00a02019-ben indult el azzal a c\u00e9llal, hogy minden magyar ember nev\u00e9ben \u00fcltessenek egy f\u00e1t \u2013 azaz 10 milli\u00f3t. Az\u00f3ta t\u00f6bb sz\u00e1z telep\u00fcl\u00e9s, iskol\u00e1k, c\u00e9gek, civil k\u00f6z\u00f6ss\u00e9gek \u00e9s mag\u00e1nszem\u00e9lyek \u00f6sszefog\u00e1s\u00e1val m\u00e1r a 497 185 f\u00e1t \u00e9s cserj\u00e9t \u00fcltettek el orsz\u00e1gszerte, s\u0151t volt \u00fcltet\u00e9s\u00fck Erd\u00e9lyben is. A kl\u00edmakatasztr\u00f3fa enyh\u00edt\u00e9s\u00e9re haz\u00e1nkban \u00faj alapokra kell helyezni az erd\u0151v\u00e9delmet, hogy val\u00f3ban, az \u00f6kol\u00f3giailag leg\u00e9rt\u00e9kesebb, emberi tev\u00e9kenys\u00e9gt\u0151l mentes \u0151serd\u0151k is teret kaphassanak. Tov\u00e1bb\u00e1 az erd\u0151s ter\u00fcletek nagys\u00e1g\u00e1t is legal\u00e1bb harmad\u00e1val meg kell n\u00f6velni.<\/p>\n<h3>Nemcsak f\u00e1kat, gondolatokat is \u00fcltet\u00fcnk!<\/h3>\n<p>10 milli\u00f3 Fa k\u00f6z\u00f6ss\u00e9g a nev\u00e9ben foglalt c\u00e9l \u00e9rdek\u00e9ben parkf\u00e1kat \u00fcltet, erd\u0151s\u00edt \u00e9s Miyawaki-erd\u0151ket telep\u00edt, de itt nem \u00e1ll meg. Ahogyan a 10 milli\u00f3 Fa alap\u00edt\u00f3ja, Boj\u00e1r Iv\u00e1n Andr\u00e1s fogalmaz: \u201eNemcsak f\u00e1kat,\u00a0<a href=\"https:\/\/10milliofa.hu\/article\/interju-lanyi-andrassal_2024\" target=\"_blank\" rel=\"noopener\">gondolatokat is \u00fcltet\u00fcnk<\/a>!\u201d. Hiszen egy f\u00e1nak az el\u00fcltet\u00e9se szakr\u00e1lis \u00e9lm\u00e9nyt jelent sokak sz\u00e1m\u00e1ra, \u00edgy v\u00e1lhatnak egyre t\u00f6bben a f\u00e1k bar\u00e1taiv\u00e1\u201d.<\/p>\n<h3>Nemzeti Fa\u00fcltet\u00e9s Napja \u2013 az \u00f6sszefog\u00e1s \u00fcnnepe<\/h3>\n<p>2023 \u0151sz\u00e9n \u00faj fejezet ny\u00edlt a 10 milli\u00f3 Fa misszi\u00f3j\u00e1ban: meghirdett\u00e9k az els\u0151\u00a0<a href=\"https:\/\/nemzetifaultetesnapja.hu\/\" target=\"_blank\" rel=\"noopener\">Nemzeti Fa\u00fcltet\u00e9s Napja<\/a>\u00a0\u00fcltet\u00e9si \u00fcnnepet, amelyhez b\u00e1rki csatlakozhatott. Az akci\u00f3 sor\u00e1n:<\/p>\n<h4>\n<em>. k\u00f6zel 100 000 f\u00e1t \u00fcltettek el egyetlen nap alatt,<\/em><br \/>\n<em>. t\u00f6bb mint 12 000 \u00f6nk\u00e9ntes csatlakozott,<\/em><br \/>\n<em>. 290 helysz\u00ednen zajlottak fa\u00fcltet\u00e9sek szerte az orsz\u00e1gban,<\/em><br \/>\n<em>. 46 v\u00e1llalkoz\u00e1s is akt\u00edvan r\u00e9szt vett \u00e9s anyagilag hozz\u00e1j\u00e1rult az esem\u00e9nyhez.<\/em><\/h4>\n<p>&nbsp;<\/p>\n<p>Ez a nap megmutatta, hogy a magyar t\u00e1rsadalomban ott \u00e9l a term\u00e9szet ir\u00e1nti felel\u0151ss\u00e9g \u00e9s tenni akar\u00e1s. Iskol\u00e1sok, csal\u00e1dok, c\u00e9gvezet\u0151k \u00e9s nyugd\u00edjasok egyar\u00e1nt \u00e1s\u00f3t ragadtak, \u00e9s egy\u00fctt form\u00e1lt\u00e1k a j\u00f6v\u0151t.<\/p>\n<h3>P\u00e1r kattint\u00e1ssal egy z\u00f6ldebb j\u00f6v\u0151\u00e9rt<\/h3>\n<p>Az ad\u00f3 1%-\u00e1nak felaj\u00e1nl\u00e1sa tal\u00e1n az egyik legegyszer\u0171bb m\u00f3dja annak, hogy b\u00e1rki r\u00e9szt vegyen a 10 milli\u00f3 Fa munk\u00e1j\u00e1ban. Az ebb\u0151l befoly\u00f3 \u00f6sszegb\u0151l a 10 milli\u00f3 Fa mozgalom nemcsak facsemet\u00e9ket v\u00e1s\u00e1rol, hanem biztos\u00edtani tudja azok sz\u00e1ll\u00edt\u00e1s\u00e1t, el\u00fcltet\u00e9s\u00e9t a Nemzeti Fa\u00fcltet\u00e9s Napj\u00e1ra, mely 2026-ban m\u00e1rcius 1-j\u00e9re esik.<br \/>\nAz 1%-os kamp\u00e1ny kulcsfontoss\u00e1g\u00fa a 2026-os \u00fcltet\u00e9sek el\u0151k\u00e9sz\u00edt\u00e9s\u00e9ben \u2013 mondta el Hervai Franciska. \u201e100 000 facsemet\u00e9t tervez\u00fcnk kiosztani a hozz\u00e1nk csatlakoz\u00f3 mag\u00e1nszem\u00e9lyek k\u00f6z\u00f6tt a Nemzeti Fa\u00fcltet\u00e9s Napj\u00e1n, amiket m\u00e1r az idei \u00e9v sor\u00e1n meg kell rendeln\u00fcnk. Emell\u00e9 v\u00e1rjuk tov\u00e1bbi c\u00e9gek jelentkez\u00e9s\u00e9t, hogy meg tudjuk t\u00f6bbsz\u00f6r\u00f6zni hat\u00e1sunkat!\u201d \u2013 emelte ki a 10 milli\u00f3 Fa f\u0151koordin\u00e1tora.<\/p>\n<p>Egy fa nem csin\u00e1l erd\u0151t \u2013 de k\u00f6z\u00f6sen igen!<br \/>\n<a href=\"https:\/\/10milliofa.hu\/article\/1-szazalekbol-10-millio-fat\" target=\"_blank\" rel=\"noopener\">Aj\u00e1nld fel te is az ad\u00f3d 1%-\u00e1t<\/a>\u00a0ma, hogy j\u00f6v\u0151re t\u00f6bb ezer \u00faj fa n\u0151hessen az \u00e9gig!<br \/>\nAd\u00f3sz\u00e1m: 19225294-1-42 | 10 milli\u00f3 Fa<\/p>\n<p>&nbsp;<\/p>\n<p style=\"text-align: right;\"><em>Nyit\u00f3 fot\u00f3: Freepik<\/em><\/p>\n<p style=\"text-align: right;\"><em>\u00a0\u00a0<\/em><\/p>\n<p style=\"text-align: center;\">*<\/p>\n<p style=\"text-align: center;\">Olvasd rendszeresen<a href=\"https:\/\/insidernews.hu\/\" target=\"_blank\" rel=\"noopener\">\u00a0az Insidernews.hu innov\u00e1ci\u00f3s port\u00e1l<\/a>\u00a0\u00e9s partneroldalunk,<a href=\"https:\/\/insiderblog.hu\/\" target=\"_blank\" rel=\"noopener\">\u00a0az Insiderblog.hu<\/a>\u00a0innov\u00e1ci\u00f3s h\u00edreit is!<\/p>\n<h4 style=\"text-align: center;\"><a href=\"https:\/\/insiderblog.hu\/\" target=\"_blank\" rel=\"noopener\">https:\/\/insiderblog.hu\/<\/a><\/h4>\n<p style=\"text-align: center;\"><a href=\"https:\/\/insiderblog.hu\/\" target=\"_blank\" rel=\"noopener\"><img decoding=\"async\" class=\"aligncenter wp-image-2204 size-medium\" src=\"https:\/\/insidernews.hu\/wp-content\/uploads\/2023\/12\/insiderblog-banner-300x73.png\" sizes=\"(max-width: 300px) 100vw, 300px\" srcset=\"https:\/\/insidernews.hu\/wp-content\/uploads\/2023\/12\/insiderblog-banner-300x73.png 300w, https:\/\/insidernews.hu\/wp-content\/uploads\/2023\/12\/insiderblog-banner-768x186.png 768w, https:\/\/insidernews.hu\/wp-content\/uploads\/2023\/12\/insiderblog-banner.png 920w\" alt=\"insiderblog\" width=\"300\" height=\"73\" \/><\/a><\/p>\n<\/div>\n","protected":false},"excerpt":{"rendered":"<p>A 10 Milli\u00f3 Fa k\u00f6z\u00f6ss\u00e9ge id\u00e9n el\u00e9rte egyik legnagyobb c\u00e9lj\u00e1t: 2024-ben siker\u00fclt el\u00fcltetni\u00fck 100 000 f\u00e1t szerte az orsz\u00e1gban a<\/p>\n","protected":false},"author":1,"featured_media":126,"comment_status":"open","ping_status":"open","sticky":false,"template":"","format":"standard","meta":{"rank_math_lock_modified_date":false,"_monsterinsights_skip_tracking":false,"_monsterinsights_sitenote_active":false,"_monsterinsights_sitenote_note":"","_monsterinsights_sitenote_category":0,"footnotes":""},"categories":[1],"tags":[50,49,51],"class_list":["post-125","post","type-post","status-publish","format-standard","has-post-thumbnail","hentry","category-uncategorized","tag-10-millio-fa","tag-faultetes","tag-nemzeti-faultetes-napja"],"_links":{"self":[{"href":"https:\/\/insidergreen.hu\/index.php\/wp-json\/wp\/v2\/posts\/125","targetHints":{"allow":["GET"]}}],"collection":[{"href":"https:\/\/insidergreen.hu\/index.php\/wp-json\/wp\/v2\/posts"}],"about":[{"href":"https:\/\/insidergreen.hu\/index.php\/wp-json\/wp\/v2\/types\/post"}],"author":[{"embeddable":true,"href":"https:\/\/insidergreen.hu\/index.php\/wp-json\/wp\/v2\/users\/1"}],"replies":[{"embeddable":true,"href":"https:\/\/insidergreen.hu\/index.php\/wp-json\/wp\/v2\/comments?post=125"}],"version-history":[{"count":1,"href":"https:\/\/insidergreen.hu\/index.php\/wp-json\/wp\/v2\/posts\/125\/revisions"}],"predecessor-version":[{"id":127,"href":"https:\/\/insidergreen.hu\/index.php\/wp-json\/wp\/v2\/posts\/125\/revisions\/127"}],"wp:featuredmedia":[{"embeddable":true,"href":"https:\/\/insidergreen.hu\/index.php\/wp-json\/wp\/v2\/media\/126"}],"wp:attachment":[{"href":"https:\/\/insidergreen.hu\/index.php\/wp-json\/wp\/v2\/media?parent=125"}],"wp:term":[{"taxonomy":"category","embeddable":true,"href":"https:\/\/insidergreen.hu\/index.php\/wp-json\/wp\/v2\/categories?post=125"},{"taxonomy":"post_tag","embeddable":true,"href":"https:\/\/insidergreen.hu\/index.php\/wp-json\/wp\/v2\/tags?post=125"}],"curies":[{"name":"wp","href":"https:\/\/api.w.org\/{rel}","templated":true}]}}