{"id":146,"date":"2025-12-13T09:06:20","date_gmt":"2025-12-13T08:06:20","guid":{"rendered":"https:\/\/insidergreen.hu\/?p=146"},"modified":"2025-12-13T09:06:20","modified_gmt":"2025-12-13T08:06:20","slug":"zold-jovo-energiatarolas","status":"publish","type":"post","link":"https:\/\/insidergreen.hu\/index.php\/2025\/12\/13\/zold-jovo-energiatarolas\/","title":{"rendered":"Itt van a z\u00f6ld j\u00f6v\u0151 energiat\u00e1rol\u00e1si megold\u00e1sa"},"content":{"rendered":"<header class=\"cm-entry-header\">\n<p class=\"cm-entry-title\">A z\u00f6ld forradalom egyik legnagyobb kih\u00edv\u00e1s\u00e1ra ad v\u00e1laszt az akkumul\u00e1toros energiat\u00e1rol\u00e1s, amelynek egyik legfejlettebb technol\u00f3gi\u00e1ja a van\u00e1dium-redox (VRFB). Az els\u0151 ilyen t\u00e1rol\u00f3k hazai telep\u00edt\u00e9si, m\u0171k\u00f6d\u00e9si tapasztalatait mutatta be az a hi\u00e1nyp\u00f3tl\u00f3 konferencia, amelyet az Ideona Zrt., a vele egy\u00fcttm\u0171k\u00f6d\u0151 hazai egyetemekkel (BME, Pannon Egyetem) k\u00f6z\u00f6sen tartott, \u00e9s amelyen Energia\u00fcgyi Miniszt\u00e9rium (EM) helyettes \u00e1llamtitk\u00e1ra m\u00e9ltatta az innovat\u00edv kezdem\u00e9nyez\u00e9st.<\/p>\n<p>&nbsp;<\/p>\n<\/header>\n<p><!--more--><\/p>\n<div class=\"cm-entry-summary\">\n<p>Korunk z\u00f6ld forradalm\u00e1nak egyik legnagyobb kih\u00edv\u00e1s\u00e1ra ad v\u00e1laszt az akkumul\u00e1toros energiat\u00e1rol\u00e1s, amelynek egyik legfejlettebb technol\u00f3gi\u00e1ja a van\u00e1dium-redox (VRFB). Az els\u0151 ilyen t\u00e1rol\u00f3k hazai telep\u00edt\u00e9si, m\u0171k\u00f6d\u00e9si tapasztalatait mutatta be az a hi\u00e1nyp\u00f3tl\u00f3 konferencia, amelyet az Ideona Zrt., a vele egy\u00fcttm\u0171k\u00f6d\u0151 hazai egyetemekkel (BME, Pannon Egyetem) k\u00f6z\u00f6sen tartott, \u00e9s amelyen Energia\u00fcgyi Miniszt\u00e9rium (EM) helyettes \u00e1llamtitk\u00e1ra m\u00e9ltatta az innovat\u00edv kezdem\u00e9nyez\u00e9st.<span id=\"more-37290\"><\/span><\/p>\n<p>A Budapesti M\u0171szaki \u00e9s Gazdas\u00e1gtudom\u00e1nyi Egyetemen rendezte meg az Ideona Zrt., a Pannon Egyetem \u00e9s a BME k\u00f6z\u00f6s szervez\u00e9s\u00e9ben az els\u0151 magyar VRFB (Vanadium Redox Flow Battery, azaz van\u00e1dium-redox \u00e1raml\u00e1si akkumul\u00e1tor) workshopot*. Horv\u00e1th Viktor, az Energia\u00fcgyi Miniszt\u00e9rium (EM) helyettes \u00e1llamtitk\u00e1ra besz\u00e9d\u00e9ben kiemelte a hazai villamos\u00e1ram h\u00e1l\u00f3zatban az energiat\u00e1rol\u00e1si kapacit\u00e1sok b\u0151v\u00edt\u00e9s\u00e9nek strat\u00e9giai fontoss\u00e1g\u00e1t, hiszen ezek k\u00e9pesek a meg\u00fajul\u00f3 energiaforr\u00e1sok (nap- \u00e9s sz\u00e9lenergia) a hossz\u00fa \u00f3r\u00e1kon kereszt\u00fcl t\u00f6rt\u00e9n\u0151 elt\u00e1rol\u00e1s\u00e1ra. Tov\u00e1bb\u00e1 \u00edg\u00e9retet tett arra, hogy az EM, mind a p\u00e9nz\u00fcgyi, mind a szab\u00e1lyoz\u00e1si t\u00e1mogat\u00e1sok alak\u00edt\u00e1s\u00e1ban nyitott marad, \u00e9rdemben meghallgatja a szakmai v\u00e9lem\u00e9nyeket a j\u00f6v\u0151ben is. Tov\u00e1bb\u00e1 a miniszt\u00e9rium \u00fcdv\u00f6zli, hogy a kapacit\u00e1sok min\u00e9l sz\u00ednesebb, azaz t\u00f6bbf\u00e9le t\u00e1rol\u00e1si technol\u00f3gi\u00e1val megval\u00f3sul\u00f3 energiat\u00e1rol\u00f3i mixet alak\u00edthat ki Magyarorsz\u00e1g. K\u00f6zt\u00fck olyan k\u00fcl\u00f6nlegesen el\u0151remutat\u00f3 megold\u00e1sokat, mint az Ideona Zrt. \u00e1ltal meghonos\u00edtott VRFB.<\/p>\n<h3>Jap\u00e1nt\u00f3l \u00d6sk\u00fcig z\u00f6ld az energiat\u00e1rol\u00e1s<\/h3>\n<p>Mihalovics P\u00e9ter, a VRFB projektek konzorciumvezet\u0151je, az Ideona Csoport igazgat\u00f3s\u00e1gi eln\u00f6ke hangs\u00falyozta, hogy a van\u00e1dium-redox igen rugalmasan haszn\u00e1lhat\u00f3 technol\u00f3gia. Az Ideona 2024 tavasz\u00e1n, \u00d6sk\u00fcn adta \u00e1t az els\u0151 rendszert, amelyben szorosan egy\u00fcttm\u0171k\u00f6dtek a BME \u00e9s a Pannon Egyetem kutat\u00f3ival, szak\u00e9rt\u0151ivel. Az \u00f6tletet egy t\u00edz \u00e9vvel kor\u00e1bbi jap\u00e1n szakmai \u00fat hozta, ahol az ottani fejleszt\u00e9si miniszter h\u00edvta fel az Ideona vezet\u0151j\u00e9nek figyelm\u00e9t az egyik ipar\u00e1gi vezet\u0151, a Sumimoto c\u00e9g \u2013 akkor m\u00e9g k\u00fcl\u00f6nlegesnek sz\u00e1m\u00edt\u00f3 \u2013 megold\u00e1s\u00e1ra. A c\u00e9gvezet\u0151 hozz\u00e1tette: jelenleg 7 MW-nyi (28 Mwh kapacit\u00e1s\u00fa) \u00faj VRFB projekt van folyamatban \u00f6t tov\u00e1bbi naper\u0151m\u0171 helysz\u00ednen, \u00fan. kolok\u00e1ci\u00f3s megval\u00f3s\u00edt\u00e1ssal. Elmondta azt is, hogy a k\u00f6vetkez\u0151 \u00f6t \u00e9vben, \u00e9ves \u00e1tlagban tov\u00e1bbi 20-30 MW-nyi VRFB akkumul\u00e1toros energiat\u00e1rol\u00f3 egys\u00e9get telep\u00edten\u00e9nek, amellyel a r\u00e9gi\u00f3ban e technol\u00f3gia egyik legnagyobb szerepl\u0151j\u00e9v\u00e9 teszi.<\/p>\n<p>A rendezv\u00e9ny r\u00e9sztvev\u0151i sz\u00e1m\u00e1ra a VRFB technol\u00f3gia alapjait \u00e9s annak el\u0151nyeit Imre Attila, a BME G\u00e9p\u00e9szm\u00e9rn\u00f6ki Kar Energetikai G\u00e9pek \u00e9s Rendszerek Tansz\u00e9k vezet\u0151je ismertette k\u00f6z\u00e9rthet\u0151 form\u00e1ban. A legfontosabb, hogy a technol\u00f3gia a l\u00edtium-ion megold\u00e1sokhoz k\u00e9pest sokkal tart\u00f3sabb, sokkal lassabban degrad\u00e1l\u00f3d\u00f3 energialead\u00f3k alak\u00edthat\u00f3k ki. Azaz a VRFB j\u00f3val hosszabb ideig k\u00e9pes \u00e1thidalni azokat az id\u0151szakokat, amikor a naper\u0151m\u0171vekn\u00e9l nem termel\u0151dik el\u00e9g \u00e1ram, de a h\u00e1l\u00f3zatban nagy sz\u00fcks\u00e9g lenne r\u00e1.<\/p>\n<h3>Az \u00f6sk\u0171i z\u00f6ld projekt jelent\u0151s\u00e9ge<\/h3>\n<p>A workshop kiemelt t\u00e9m\u00e1ja volt az \u00d6sk\u00fcn, az Ideona Zrt. telephely\u00e9n meg\u00e9p\u00fclt Magyarorsz\u00e1g els\u0151 naper\u0151m\u0171vel kombin\u00e1lt\u00a0<a href=\"https:\/\/green.hu\/cikkek\/zoldenergia-forradalom-energiatarolas-osku\/\" target=\"_blank\" rel=\"noopener\">van\u00e1dium-redox flow alap\u00fa hibrid villamos energia<\/a>\u00a0t\u00e1rol\u00f3ja.<\/p>\n<p>Ez volt teh\u00e1t az els\u0151 olyan rendszer haz\u00e1nkban, amely sikerrel demonstr\u00e1lta a VRFB technol\u00f3gia gyakorlati alkalmazhat\u00f3s\u00e1g\u00e1t, m\u00e9gpedig az ottani napelem-parkokkal kombin\u00e1lva. Mint kider\u00fclt, a hazai sikerekre p\u00e1r h\u00f3napja, egy b\u00e9csi szakmai konferenci\u00e1n is felfigyeltek, \u00edgy 2026 nyar\u00e1n Budapesten rendezik meg a VRFB technol\u00f3gia k\u00f6vetkez\u0151 nagy szakmai \u00f6sszej\u00f6vetel\u00e9t \u2013 ezt m\u00e1r Czip\u00f3 Gy\u00f6rgy, az Ideona Zrt. szak\u00e9rt\u0151je emelte ki. El\u0151ad\u00e1s\u00e1ban elmondta, hogy a technol\u00f3gia nemzetk\u00f6zi piaci lehet\u0151s\u00e9geit vizsg\u00e1lta, kiemelve az \u00faj brit energiat\u00e1rol\u00f3i t\u00e1mogat\u00e1si modellt. Ennek egyik legnagyobb nyertese a VRFB akkuk lehetnek, hiszen a termel\u00e9st\u0151l sz\u00e1m\u00edtva minimum 8 \u00f3r\u00e1n kereszt\u00fcl kell megval\u00f3s\u00edtani a t\u00e1rol\u00e1si lehet\u0151s\u00e9get, amelyben kiemelked\u0151t ny\u00fajt a vizsg\u00e1lt technol\u00f3gia. Ez a brit Cap and Floor t\u00e1mogat\u00e1si rendszer pedig jelent\u0151s termel\u00e9s felfuttat\u00e1si- felsk\u00e1l\u00e1z\u00e1si lehet\u0151s\u00e9get jelent, amelynek nyom\u00e1n a VRFB megold\u00e1sok \u00e1ra szak\u00e9rt\u0151i becsl\u00e9s szerint legal\u00e1bb 40 sz\u00e1zal\u00e9kkal cs\u00f6kkenhet a k\u00f6vetkez\u0151 \u00e9vekben, ami v\u00e9gleg eld\u00f6ntheti a hossz\u00fa-t\u00e1v\u00fa t\u00e1rol\u00e1s verseny\u00e9t a VRFB technol\u00f3gia jav\u00e1ra.<\/p>\n<h3>Versenyk\u00e9pesebb a konkurensekn\u00e9l<\/h3>\n<p>Heged\u0171sn\u00e9 Baranyai N\u00f3ra \u00e9s Zsibor\u00e1cs Henrik (Pannon Egyetem) bemutatt\u00e1k a VRFB rendszerek \u00e1ramh\u00e1l\u00f3zatba kapcsol\u00e1s\u00e1hoz sz\u00fcks\u00e9ges menetrend-rendez\u00e9si modelleket. Kutat\u00e1suk r\u00e1vil\u00e1g\u00edtott arra, hogy a van\u00e1dium-redox akkumul\u00e1torok kiv\u00e1l\u00f3an alkalmasak a napelemes rendszerek ingadoz\u00e1sainak kiegyenl\u00edt\u00e9s\u00e9re \u00e9s a h\u00e1l\u00f3zati stabilit\u00e1s jav\u00edt\u00e1s\u00e1ra. Pint\u00e9r G\u00e1bor (HUN-REN Energiatudom\u00e1nyi Kutat\u00f3k\u00f6zpont) \u00e1tfog\u00f3 \u00f6sszehasonl\u00edt\u00e1st v\u00e9gzett a h\u00e1rom f\u0151 h\u00e1l\u00f3zati akkumul\u00e1tort\u00edpus \u2013 NaS (n\u00e1trium-k\u00e9n), VRFB \u00e9s l\u00edtium-ion \u2013 k\u00f6z\u00f6tt. Az elemz\u00e9s kimutatta, hogy a VRFB rendszerek \u00e9lettartama \u00e9s sk\u00e1l\u00e1zhat\u00f3s\u00e1ga hossz\u00fa t\u00e1von sokkal versenyk\u00e9pesebb\u00e9 teheti \u0151ket. Ez igaz gazdas\u00e1gi oldalr\u00f3l is: Szolnoki P\u00e1lma (BME ZKK) r\u00e9szletes gazdas\u00e1gi modelleket mutatott be a VRFB t\u00e1rol\u00f3k megt\u00e9r\u00fcl\u00e9s\u00e9re vonatkoz\u00f3an. Az elemz\u00e9s szerint a jelenlegi energia\u00e1rak \u00e9s szab\u00e1lyoz\u00e1si k\u00f6rnyezet mellett 8-12 \u00e9v k\u00f6z\u00f6tti megt\u00e9r\u00fcl\u00e9si id\u0151vel lehet sz\u00e1molni, ami a t\u00e1mogat\u00e1si rendszerek fejleszt\u00e9s\u00e9vel jelent\u0151sen jav\u00edthat\u00f3.<br \/>\nUgyanis a VRFB akkumul\u00e1torok bizony\u00edtottan legal\u00e1bb 20 ezer ciklusnyi t\u00f6lt\u00e9s-lemer\u00edt\u00e9sre alkalmasak. Mi t\u00f6bb: ak\u00e1r 270 ezer ciklust is el\u00e9rtek m\u00e1r ellen\u0151rz\u00f6tt teszteken. R\u00e1ad\u00e1sul alapesetben is mintegy 20 \u00e9vnyi m\u0171k\u00f6d\u00e9si \u00e9lettartam \u00e9s minim\u00e1lis karbantart\u00e1si ig\u00e9ny v\u00e1rhat\u00f3 e technol\u00f3gia r\u00e9v\u00e9n.<\/p>\n<p>Raisz D\u00e1vid \u00e9s T\u00f3th Bal\u00e1zs (BME VET) a van\u00e1dium-redox akkumul\u00e1torok (VRFB) \u00f6reged\u00e9si folyamatainak digit\u00e1lis iker modellez\u00e9s\u00e9t mutatt\u00e1k be, hangs\u00falyozva, hogy a fejlett modellek lehet\u0151v\u00e9 teszik az akkumul\u00e1torok teljes \u00e9lettartama alatt zajl\u00f3 v\u00e1ltoz\u00e1sok pontos nyomon k\u00f6vet\u00e9s\u00e9t. J\u00f3zsa Viktor (BME EGR) a VRFB \u00e1raml\u00e1sos rendszerek h\u0151technikai kih\u00edv\u00e1sait vizsg\u00e1lta, \u00e9s javaslatokat tett a h\u0151kezel\u00e9si folyamatok optimaliz\u00e1l\u00e1s\u00e1ra, amelyek elengedhetetlenek a hossz\u00fa t\u00e1v\u00fa m\u0171k\u00f6d\u00e9shez \u00e9s a teljes\u00edtm\u00e9ny fenntart\u00e1s\u00e1hoz. Sziffer Bence (BME EGR) a VRFB rendszerek sk\u00e1l\u00e1z\u00e1si probl\u00e9m\u00e1it elemezte, k\u00fcl\u00f6n\u00f6s figyelmet ford\u00edtva arra, hogy hogyan lehet az egyes rendszereket gazdas\u00e1gosan \u00e9s hat\u00e9konyan b\u0151v\u00edteni a k\u00fcl\u00f6nb\u00f6z\u0151 alkalmaz\u00e1sok ig\u00e9nyeihez. Sz\u00fccs M\u00e1ty\u00e1s (BME EGR) k\u00e9th\u0151m\u00e9rs\u00e9klet\u0171 modell seg\u00edts\u00e9g\u00e9vel dolgozta ki a VRFB cell\u00e1kban zajl\u00f3 h\u0151vezet\u00e9si \u00e9s h\u0151\u00e1tad\u00e1si folyamatok pontos modellez\u00e9s\u00e9t, amely kulcsfontoss\u00e1g\u00fa a hat\u00e9kony m\u0171k\u00f6d\u00e9s biztos\u00edt\u00e1s\u00e1hoz. Kust\u00e1n R\u00e9ka (BME EGR) a Peak Shaving alkalmaz\u00e1sokra f\u00f3kusz\u00e1lt, \u00e9s szimul\u00e1ci\u00f3val mutatta be, hogyan j\u00e1rulhatnak hozz\u00e1 a VRFB rendszerek a h\u00e1l\u00f3zati stabilit\u00e1s fenntart\u00e1s\u00e1hoz, k\u00fcl\u00f6n\u00f6sen a cs\u00facsid\u0151szakokban t\u00f6rt\u00e9n\u0151 energiaell\u00e1t\u00e1s optimaliz\u00e1l\u00e1s\u00e1ban.<\/p>\n<p>A z\u00f6ld gondolat jegy\u00e9ben fogant konferencia z\u00e1r\u00f3 el\u0151ad\u00e1s\u00e1t Kun R\u00f3bert, a HUN-REN TTK kutat\u00e1si csoportvezet\u0151je foglalta \u00f6ssze a l\u00edtium-ion technol\u00f3gi\u00e1k, benne az \u00faj \u00f6sszet\u00e9tel\u0171, de l\u00edtiumos akkumul\u00e1torok \u00e9s a VRFB technol\u00f3gia el\u0151nyeit \u00e9s kih\u00edv\u00e1sait. A szak\u00e9rt\u0151 is meger\u0151s\u00edtette, hogy \u00e1ramh\u00e1l\u00f3zatba kapcsolt, megawattos nagys\u00e1grend\u0171 t\u00e1rol\u00e1sra jelenleg messze a legfejlettebb, a legt\u00f6bb el\u0151nnyel j\u00e1r\u00f3 technol\u00f3gi\u00e1t jelenti a VRFB, amely r\u00e1ad\u00e1sul mind cs\u00facsteljes\u00edtm\u00e9nyben, mind kapaci\u00e1sban a legk\u00f6nnyebben alak\u00edthat\u00f3.<\/p>\n<p>V\u00e9gezet\u00fcl pedig Kaderj\u00e1k P\u00e9ter neves energetikai szak\u00e9rt\u0151, illetve kor\u00e1bbi szakpolitikus foglalta \u00f6ssze z\u00e1rszav\u00e1ban a szakmai workshop tanuls\u00e1gait. Magyar Akkumul\u00e1tor Sz\u00f6vets\u00e9g \u00fcgyvezet\u0151jek\u00e9nt kiemelte, hogy Magyarorsz\u00e1g vil\u00e1gels\u0151 a napenergia \u00e1ramtermel\u00e9sben val\u00f3 r\u00e9szesed\u00e9s\u00e9ben, \u00edgy term\u00e9szetes, hogy a j\u00f6v\u0151 energetik\u00e1j\u00e1nak egyik legfontosabb ter\u00fclet\u00e9n, az energiat\u00e1rol\u00e1sban is egyre fontosabb szerepet t\u00f6lt\u00fcnk be. E szerep er\u0151s\u00f6d\u00e9s\u00e9nek egyik fontos p\u00e9ld\u00e1j\u00e1t jelenti ez a szakmai diskurzus is, amely ezen a konferenci\u00e1n elkezd\u0151d\u00f6tt.<\/p>\n<p>*A rendezv\u00e9ny \u201eA van\u00e1dium-redox akkumul\u00e1torok h\u00e1l\u00f3zati szerep\u00e9nek vizsg\u00e1lata a naper\u0151m\u0171 szab\u00e1lyoz\u00e1s\u00e1ban\u201d c\u00edm\u0171 projekt (2021-2.1.1-EK-2021-00001) szakmai z\u00e1r\u00f3esem\u00e9nyek\u00e9nt is szolg\u00e1lt.<\/p>\n<p>&nbsp;<\/p>\n<p>&nbsp;<\/p>\n<p style=\"text-align: center;\">*<\/p>\n<p style=\"text-align: center;\">Olvasd rendszeresen<a href=\"https:\/\/insidernews.hu\/\" target=\"_blank\" rel=\"noopener\">\u00a0az Insidernews.hu innov\u00e1ci\u00f3s port\u00e1l<\/a>\u00a0\u00e9s partneroldalunk,<a href=\"https:\/\/insiderblog.hu\/\" target=\"_blank\" rel=\"noopener\">\u00a0az Insiderblog.hu<\/a> innov\u00e1ci\u00f3s h\u00edreit is! Tov\u00e1bb\u00e1 ide, az<a href=\"https:\/\/insidergreen.hu\/index.php\/sample-page\/\"> Insidernews.hu port\u00e1lra<\/a> is n\u00e9zz el id\u0151nk\u00e9nt!<\/p>\n<h4 style=\"text-align: center;\"><a href=\"https:\/\/insiderblog.hu\/\" target=\"_blank\" rel=\"noopener\">https:\/\/insiderblog.hu\/<\/a><\/h4>\n<p style=\"text-align: center;\"><a href=\"https:\/\/insiderblog.hu\/\" target=\"_blank\" rel=\"noopener\"><img decoding=\"async\" class=\"aligncenter wp-image-2204 size-medium\" src=\"https:\/\/insidernews.hu\/wp-content\/uploads\/2023\/12\/insiderblog-banner-300x73.png\" sizes=\"(max-width: 300px) 100vw, 300px\" srcset=\"https:\/\/insidernews.hu\/wp-content\/uploads\/2023\/12\/insiderblog-banner-300x73.png 300w, https:\/\/insidernews.hu\/wp-content\/uploads\/2023\/12\/insiderblog-banner-768x186.png 768w, https:\/\/insidernews.hu\/wp-content\/uploads\/2023\/12\/insiderblog-banner.png 920w\" alt=\"insiderblog\" width=\"300\" height=\"73\" \/><\/a><\/p>\n<\/div>\n","protected":false},"excerpt":{"rendered":"<p>A z\u00f6ld forradalom egyik legnagyobb kih\u00edv\u00e1s\u00e1ra ad v\u00e1laszt az akkumul\u00e1toros energiat\u00e1rol\u00e1s, amelynek egyik legfejlettebb technol\u00f3gi\u00e1ja a van\u00e1dium-redox (VRFB). Az els\u0151<\/p>\n","protected":false},"author":1,"featured_media":147,"comment_status":"open","ping_status":"open","sticky":false,"template":"","format":"standard","meta":{"rank_math_lock_modified_date":false,"_monsterinsights_skip_tracking":false,"_monsterinsights_sitenote_active":false,"_monsterinsights_sitenote_note":"","_monsterinsights_sitenote_category":0,"footnotes":""},"categories":[9],"tags":[66,67,71,53,68,69,70],"class_list":["post-146","post","type-post","status-publish","format-standard","has-post-thumbnail","hentry","category-hirek","tag-bme","tag-energiatarolas","tag-ideona-zrt","tag-ideona-zrt-vrfb","tag-osku","tag-vanadium-redox-akkumulatorok","tag-vrfb"],"_links":{"self":[{"href":"https:\/\/insidergreen.hu\/index.php\/wp-json\/wp\/v2\/posts\/146","targetHints":{"allow":["GET"]}}],"collection":[{"href":"https:\/\/insidergreen.hu\/index.php\/wp-json\/wp\/v2\/posts"}],"about":[{"href":"https:\/\/insidergreen.hu\/index.php\/wp-json\/wp\/v2\/types\/post"}],"author":[{"embeddable":true,"href":"https:\/\/insidergreen.hu\/index.php\/wp-json\/wp\/v2\/users\/1"}],"replies":[{"embeddable":true,"href":"https:\/\/insidergreen.hu\/index.php\/wp-json\/wp\/v2\/comments?post=146"}],"version-history":[{"count":3,"href":"https:\/\/insidergreen.hu\/index.php\/wp-json\/wp\/v2\/posts\/146\/revisions"}],"predecessor-version":[{"id":150,"href":"https:\/\/insidergreen.hu\/index.php\/wp-json\/wp\/v2\/posts\/146\/revisions\/150"}],"wp:featuredmedia":[{"embeddable":true,"href":"https:\/\/insidergreen.hu\/index.php\/wp-json\/wp\/v2\/media\/147"}],"wp:attachment":[{"href":"https:\/\/insidergreen.hu\/index.php\/wp-json\/wp\/v2\/media?parent=146"}],"wp:term":[{"taxonomy":"category","embeddable":true,"href":"https:\/\/insidergreen.hu\/index.php\/wp-json\/wp\/v2\/categories?post=146"},{"taxonomy":"post_tag","embeddable":true,"href":"https:\/\/insidergreen.hu\/index.php\/wp-json\/wp\/v2\/tags?post=146"}],"curies":[{"name":"wp","href":"https:\/\/api.w.org\/{rel}","templated":true}]}}