{"id":152,"date":"2026-02-08T20:52:25","date_gmt":"2026-02-08T19:52:25","guid":{"rendered":"https:\/\/insidergreen.hu\/?p=152"},"modified":"2026-02-09T07:51:10","modified_gmt":"2026-02-09T06:51:10","slug":"uj-idoszak-energiapiacon-mkik","status":"publish","type":"post","link":"https:\/\/insidergreen.hu\/index.php\/2026\/02\/08\/uj-idoszak-energiapiacon-mkik\/","title":{"rendered":"\u00daj id\u0151szak j\u00f6het az energiapiacon"},"content":{"rendered":"<header class=\"cm-entry-header\">\n<p class=\"cm-entry-title\"><span style=\"font-size: 16px;\">A Magyar Kereskedelmi \u00e9s Iparkamara (MKIK) Energetikai Szakmai Bizotts\u00e1g\u00e1nak c\u00e9lja, hogy egy j\u00f3l m\u0171k\u00f6d\u0151 energiapiaci k\u00f6z\u00f6ss\u00e9g j\u00f6jj\u00f6n l\u00e9tre \u2013 hangzott el a kamara minapi esem\u00e9ny\u00e9n.<\/span><\/p>\n<\/header>\n<p><!--more--><\/p>\n<div class=\"cm-entry-summary\">\n<p>Megalakul\u00e1sa \u00f3ta m\u00e1sodj\u00e1ra \u00fclt \u00f6ssze a Magyar Kereskedelmi \u00e9s Iparkamara Energetikai Szakmai Bizotts\u00e1ga febru\u00e1r 4-\u00e9n. Az esem\u00e9nyen Dr. Juh\u00e1sz Edit, a Magyar Energetikai \u00e9s K\u00f6zm\u0171-szab\u00e1lyoz\u00e1si Hivatal (MEKH) eln\u00f6ke hangs\u00falyozta: eg\u00e9sz Eur\u00f3pa jelent\u0151s \u00e1talakul\u00e1s el\u0151tt \u00e1ll, \u00e9s az energiapiacon egy \u00faj, dinamikus id\u0151szak k\u00fcsz\u00f6b\u00e9n vagyunk. A v\u00e1rhat\u00f3 kih\u00edv\u00e1sok kezel\u00e9s\u00e9hez ugyanakkor elengedhetetlen egy j\u00f3l m\u0171k\u00f6d\u0151, egy\u00fcttm\u0171k\u00f6d\u00e9sre \u00e9p\u00fcl\u0151 energiapiaci k\u00f6z\u00f6ss\u00e9g, amely k\u00e9pes \u00e9rdemben reag\u00e1lni a komplex hazai energetikai fejleszt\u00e9si folyamatokra is.<\/p>\n<p>&nbsp;<\/p>\n<figure id=\"attachment_42340\" class=\"wp-caption aligncenter\" aria-describedby=\"caption-attachment-42340\"><img fetchpriority=\"high\" decoding=\"async\" class=\"aligncenter wp-image-42340 size-full\" src=\"https:\/\/insidernews.hu\/wp-content\/uploads\/2026\/02\/energetikai_szakmai_bizottsag_ules.jpg\" sizes=\"(max-width: 793px) 100vw, 793px\" srcset=\"https:\/\/insidernews.hu\/wp-content\/uploads\/2026\/02\/energetikai_szakmai_bizottsag_ules.jpg 793w, https:\/\/insidernews.hu\/wp-content\/uploads\/2026\/02\/energetikai_szakmai_bizottsag_ules-300x201.jpg 300w, https:\/\/insidernews.hu\/wp-content\/uploads\/2026\/02\/energetikai_szakmai_bizottsag_ules-768x513.jpg 768w\" alt=\"\" width=\"793\" height=\"530\" \/><figcaption id=\"caption-attachment-42340\" class=\"wp-caption-text\">MKIK Energetikai Szakmai Bizotts\u00e1g \u00fcl\u00e9se, fot\u00f3: green.hu<\/figcaption><\/figure>\n<p>A Magyar Kereskedelmi \u00e9s Iparkamara Energetikai Szakmai Bizotts\u00e1g\u00e1nak \u00fcl\u00e9s\u00e9n Dr. Mihalovics P\u00e9ter, a bizotts\u00e1g eln\u00f6ke kiemelte, hogy a Magyar Energetikai \u00e9s K\u00f6zm\u0171-szab\u00e1lyoz\u00e1si Hivatal hi\u00e1nyp\u00f3tl\u00f3 munk\u00e1t v\u00e9gez, \u00e9s seg\u00edts\u00e9get ny\u00fajtanak azoknak, akik \u00faj, innovat\u00edv megold\u00e1sokkal szeretn\u00e9nek megjelenni a magyar energiapiacon.<\/p>\n<h4 style=\"text-align: center;\">\u201eHa minden hivatal \u00edgy seg\u00edten\u00e9 azokat, akik fejleszteni szeretn\u00e9nek, sokkal k\u00f6nnyebb helyzetben lenne az eg\u00e9sz ipar\u00e1g\u201d<\/h4>\n<p>\u2013 m\u00e9ltatta a hivatal munk\u00e1j\u00e1t Dr. Mihalovics P\u00e9ter.<\/p>\n<h3>Strat\u00e9giai \u00e1gazat<\/h3>\n<p>Dr. Juh\u00e1sz Edit ezt k\u00f6vet\u0151en el\u0151ad\u00e1s\u00e1ban kiemelte, hogy a MEKH a hazai energia- \u00e9s k\u00f6zszolg\u00e1ltat\u00e1sok piac\u00e1nak szab\u00e1lyoz\u00f3 hat\u00f3s\u00e1gak\u00e9nt a nemzetgazdas\u00e1g szempontj\u00e1b\u00f3l strat\u00e9giai jelent\u0151s\u00e9g\u0171 \u00e1gazatok fel\u00fcgyelet\u00e9t l\u00e1tja el. A Hivatal c\u00e9lja a fenntarthat\u00f3, transzparens \u00e9s befektet\u00e9s-\u00f6szt\u00f6nz\u0151 \u00e1gazati m\u0171k\u00f6d\u00e9s biztos\u00edt\u00e1sa, \u00f6sszhangban az eur\u00f3pai uni\u00f3s el\u0151\u00edr\u00e1sokkal \u00e9s Magyarorsz\u00e1g energiastrat\u00e9gi\u00e1j\u00e1val. Ennek \u00e9rdek\u00e9ben a MEKH rendszeres p\u00e1rbesz\u00e9det folytat az energetikai szektor meghat\u00e1roz\u00f3 szerepl\u0151ivel \u00e9s szolg\u00e1ltat\u00f3ival. A MEKH eln\u00f6ke hozz\u00e1tette: a k\u00f6vetkez\u0151 id\u0151szak egyik kiemelt szab\u00e1lyoz\u00f3i feladata hat\u00e9kony m\u0171k\u00f6d\u00e9si felt\u00e9teleket biztos\u00edtani az energiapiaci szerepl\u0151k sz\u00e1m\u00e1ra az \u00e1talakul\u00f3 energiatermel\u00e9s \u00e9s \u00e1talakul\u00f3 h\u00e1l\u00f3zathaszn\u00e1lat vil\u00e1g\u00e1ban.<\/p>\n<p>Dr. Juh\u00e1sz Edit el\u0151ad\u00e1s\u00e1ban r\u00e9szletesen kit\u00e9rt a hazai h\u00e1l\u00f3zatfejleszt\u00e9s el\u0151tt \u00e1ll\u00f3 kih\u00edv\u00e1sokra, r\u00e1mutatva arra, hogy a h\u00e1l\u00f3zati sz\u0171k\u00fcletek nem kiz\u00e1r\u00f3lag az infrastrukt\u00fara technikai, technol\u00f3giai adotts\u00e1gaib\u00f3l fakadnak. Az elektrifik\u00e1ci\u00f3, illetve a helyi, saj\u00e1t c\u00e9lra t\u00f6rt\u00e9n\u0151 energiatermel\u00e9s gyors \u00e9s sz\u00e9les k\u00f6r\u0171 elterjed\u00e9se \u00faj terhel\u00e9si viszonyokat teremtett, amelyek kezel\u00e9se tov\u00e1bbi, rendszerszint\u0171 fejleszt\u00e9seket tesz sz\u00fcks\u00e9gess\u00e9.<\/p>\n<p>A MEKH eln\u00f6ke pozit\u00edv fejlem\u00e9nyk\u00e9nt \u00e9rt\u00e9kelte, hogy a fogyaszt\u00f3k egyre nagyobb ar\u00e1nyban v\u00e1lnak akt\u00edv energiatermel\u0151kk\u00e9. Felh\u00edvta ugyanakkor a figyelmet arra is, hogy ez \u00faj kih\u00edv\u00e1sokat is jelent mind m\u0171szakilag, mind pedig a k\u00f6zc\u00e9l\u00fa h\u00e1l\u00f3zat finansz\u00edroz\u00e1s\u00e1t illet\u0151en: ha cs\u00f6kken a k\u00f6zc\u00e9l\u00fa h\u00e1l\u00f3zatb\u00f3l v\u00e9telezett energia, a h\u00e1l\u00f3zatfejleszt\u00e9sek terhei is kevesebb szerepl\u0151 k\u00f6z\u00f6tt oszlanak meg. Mint fogalmazott: a szab\u00e1lyoz\u00e1s egyik kulcsk\u00e9rd\u00e9se egy olyan hossz\u00fa t\u00e1von fenntarthat\u00f3 modell kialak\u00edt\u00e1sa, amely egyens\u00falyt teremt az egy\u00e9ni \u00e9s a k\u00f6z\u00f6ss\u00e9gi \u00e9rdekek k\u00f6z\u00f6tt.<\/p>\n<h3>Itt a szab\u00e1lyoz\u00e1si tesztk\u00f6rnyezet<\/h3>\n<p>El\u0151ad\u00e1sa z\u00e1r\u00e1sak\u00e9nt Dr. Juh\u00e1sz Edit bemutatta a MEKH \u00e1ltal m\u0171k\u00f6dtetett szab\u00e1lyoz\u00e1si tesztk\u00f6rnyezetet, amely az idei \u00e9v egyik jelent\u0151s \u00fajdons\u00e1ga. Mint fogalmazott, a c\u00e9l a hazai villamosenergia- \u00e9s f\u00f6ldg\u00e1z\u00e1gazat innov\u00e1ci\u00f3inak \u00f6szt\u00f6nz\u00e9se, valamint a fenntarthat\u00f3bb \u00e9s k\u00f6lts\u00e9ghat\u00e9konyabb m\u0171k\u00f6d\u00e9si megold\u00e1sok el\u0151seg\u00edt\u00e9se.<\/p>\n<p>A tesztk\u00f6rnyezet lehet\u0151v\u00e9 teszi \u00faj technol\u00f3gi\u00e1k \u00e9s \u00fczleti modellek kipr\u00f3b\u00e1l\u00e1s\u00e1t egy v\u00e9dett, k\u00f6r\u00fclhat\u00e1rolt k\u00f6rnyezetben, de \u00e9les\u00fczemi \u00e9s val\u00f3s \u00fczleti k\u00f6r\u00fclm\u00e9nyek k\u00f6z\u00f6tt. Az erre vonatkoz\u00f3 felh\u00edv\u00e1st a MEKH a 2026-os \u00e9v els\u0151 negyed\u00e9v\u00e9ben teszi k\u00f6zz\u00e9.<\/p>\n<p>A bizotts\u00e1gi tagok k\u00e9rd\u00e9seire v\u00e1laszolva a Hivatal eln\u00f6ke kit\u00e9rt t\u00f6bbek k\u00f6z\u00f6tt a k\u00f6z\u00e9p- \u00e9s nagyfesz\u00fclts\u00e9g\u0171 h\u00e1l\u00f3zatokon el\u00e9rhet\u0151 szabad bet\u00e1pl\u00e1l\u00e1si kapacit\u00e1sok kioszt\u00e1s\u00e1ra vonatkoz\u00f3 \u00faj elj\u00e1r\u00e1srendre, a t\u00e1vh\u0151 \u00e1rszab\u00e1lyoz\u00e1si k\u00e9rd\u00e9sekre, a rendszerhaszn\u00e1lati d\u00edj \u00e9s kedvezm\u00e9nyek rendeltet\u00e9s\u00e9re is.<\/p>\n<p>Dr. Mihalovics P\u00e9ter az \u00fcl\u00e9s z\u00e1r\u00f3 gondolatak\u00e9nt kiemelte, hogy a sikeres j\u00f6v\u0151 z\u00e1loga a k\u00f6z\u00f6s tud\u00e1s \u00e9s az egys\u00e9ges szeml\u00e9letm\u00f3d. Az MKIK Energetikai Szakmai Bizotts\u00e1ga a j\u00f6v\u0151ben m\u00e9g szorosabb sz\u00f6vets\u00e9get k\u00edn\u00e1l az ipar\u00e1gi szerepl\u0151knek, hiszen a c\u00e9l k\u00f6z\u00f6s: egy olyan t\u00e1mogat\u00f3 k\u00f6rnyezet megteremt\u00e9se, amelyben minden piaci szerepl\u0151 fejl\u0151d\u00e9se biztos\u00edtott.<\/p>\n<\/div>\n<p>&nbsp;<\/p>\n<p>Forr\u00e1s:<\/p>\n<p><a href=\"https:\/\/green.hu\/cikkek\/izgalmas-idoszak-jon-az-energiapiacon\/\" target=\"_blank\" rel=\"noopener\">https:\/\/green.hu\/cikkek\/izgalmas-idoszak-jon-az-energiapiacon\/<\/a><\/p>\n<p>&nbsp;<\/p>\n<div class=\"cm-entry-summary\">\n<p style=\"text-align: center;\">*<\/p>\n<p style=\"text-align: center;\">Olvasd rendszeresen<a href=\"https:\/\/insidernews.hu\/\" target=\"_blank\" rel=\"noopener\">\u00a0az Insidernews.hu innov\u00e1ci\u00f3s port\u00e1l<\/a>\u00a0\u00e9s partneroldalunk,<a href=\"https:\/\/insiderblog.hu\/\" target=\"_blank\" rel=\"noopener\">\u00a0az Insiderblog.hu<\/a>\u00a0innov\u00e1ci\u00f3s h\u00edreit is!<\/p>\n<h4 style=\"text-align: center;\"><a href=\"https:\/\/insiderblog.hu\/\" target=\"_blank\" rel=\"noopener\">https:\/\/insiderblog.hu\/<\/a><\/h4>\n<p style=\"text-align: center;\"><a href=\"https:\/\/insiderblog.hu\/\" target=\"_blank\" rel=\"noopener\"><img decoding=\"async\" class=\"aligncenter wp-image-2204 size-medium\" src=\"https:\/\/insidernews.hu\/wp-content\/uploads\/2023\/12\/insiderblog-banner-300x73.png\" sizes=\"(max-width: 300px) 100vw, 300px\" srcset=\"https:\/\/insidernews.hu\/wp-content\/uploads\/2023\/12\/insiderblog-banner-300x73.png 300w, https:\/\/insidernews.hu\/wp-content\/uploads\/2023\/12\/insiderblog-banner-768x186.png 768w, https:\/\/insidernews.hu\/wp-content\/uploads\/2023\/12\/insiderblog-banner.png 920w\" alt=\"insiderblog\" width=\"300\" height=\"73\" \/><\/a><\/p>\n<p style=\"text-align: center;\">\n<\/div>\n","protected":false},"excerpt":{"rendered":"<p>A Magyar Kereskedelmi \u00e9s Iparkamara (MKIK) Energetikai Szakmai Bizotts\u00e1g\u00e1nak c\u00e9lja, hogy egy j\u00f3l m\u0171k\u00f6d\u0151 energiapiaci k\u00f6z\u00f6ss\u00e9g j\u00f6jj\u00f6n l\u00e9tre \u2013 hangzott<\/p>\n","protected":false},"author":1,"featured_media":158,"comment_status":"open","ping_status":"open","sticky":false,"template":"","format":"standard","meta":{"rank_math_lock_modified_date":false,"_monsterinsights_skip_tracking":false,"_monsterinsights_sitenote_active":false,"_monsterinsights_sitenote_note":"","_monsterinsights_sitenote_category":0,"footnotes":""},"categories":[1],"tags":[75,74,72,73],"class_list":["post-152","post","type-post","status-publish","format-standard","has-post-thumbnail","hentry","category-uncategorized","tag-dr-juhasz-edit","tag-dr-mihalovics-peter","tag-energaipiacon","tag-mkik"],"_links":{"self":[{"href":"https:\/\/insidergreen.hu\/index.php\/wp-json\/wp\/v2\/posts\/152","targetHints":{"allow":["GET"]}}],"collection":[{"href":"https:\/\/insidergreen.hu\/index.php\/wp-json\/wp\/v2\/posts"}],"about":[{"href":"https:\/\/insidergreen.hu\/index.php\/wp-json\/wp\/v2\/types\/post"}],"author":[{"embeddable":true,"href":"https:\/\/insidergreen.hu\/index.php\/wp-json\/wp\/v2\/users\/1"}],"replies":[{"embeddable":true,"href":"https:\/\/insidergreen.hu\/index.php\/wp-json\/wp\/v2\/comments?post=152"}],"version-history":[{"count":4,"href":"https:\/\/insidergreen.hu\/index.php\/wp-json\/wp\/v2\/posts\/152\/revisions"}],"predecessor-version":[{"id":157,"href":"https:\/\/insidergreen.hu\/index.php\/wp-json\/wp\/v2\/posts\/152\/revisions\/157"}],"wp:featuredmedia":[{"embeddable":true,"href":"https:\/\/insidergreen.hu\/index.php\/wp-json\/wp\/v2\/media\/158"}],"wp:attachment":[{"href":"https:\/\/insidergreen.hu\/index.php\/wp-json\/wp\/v2\/media?parent=152"}],"wp:term":[{"taxonomy":"category","embeddable":true,"href":"https:\/\/insidergreen.hu\/index.php\/wp-json\/wp\/v2\/categories?post=152"},{"taxonomy":"post_tag","embeddable":true,"href":"https:\/\/insidergreen.hu\/index.php\/wp-json\/wp\/v2\/tags?post=152"}],"curies":[{"name":"wp","href":"https:\/\/api.w.org\/{rel}","templated":true}]}}