{"id":56,"date":"2024-12-27T12:47:45","date_gmt":"2024-12-27T11:47:45","guid":{"rendered":"https:\/\/insidergreen.hu\/?p=56"},"modified":"2025-01-03T13:49:58","modified_gmt":"2025-01-03T12:49:58","slug":"uj-magyar-soalapu-akkumulator","status":"publish","type":"post","link":"https:\/\/insidergreen.hu\/index.php\/2024\/12\/27\/uj-magyar-soalapu-akkumulator\/","title":{"rendered":"Itt van az \u00faj magyar, s\u00f3alap\u00fa akkumul\u00e1tor!"},"content":{"rendered":"<p>S\u00f3 alap\u00fa akkumul\u00e1tor? Hallott\u00e1l m\u00e1r err\u0151l?\u00a0N\u00e9zz\u00fck, hogy mik\u00e9nt hozhatja el a fenntarthat\u00f3 energiat\u00e1rol\u00e1st egy magyar innov\u00e1ci\u00f3? Az energiat\u00e1rol\u00e1s ugyanis forradalmi \u00faj\u00edt\u00e1s el\u0151tt \u00e1ll. Mik\u00f6zben a l\u00edtiumion akkumul\u00e1torok uralj\u00e1k a piacot, az \u00faj magyar fejleszt\u00e9s\u0171 n\u00e1triumion akkumul\u00e1tor alapjaiban \u00edrhatja \u00e1t az energiat\u00e1rol\u00e1s szab\u00e1lyait.<\/p>\n<p><!--more--><\/p>\n<p>Ez a \u00faj akkumul\u00e1tor technol\u00f3gia nemcsak fenntarthat\u00f3bb \u00e9s biztons\u00e1gosabb, hanem az otthonok \u00e9s v\u00e1llalkoz\u00e1sok energiafelhaszn\u00e1l\u00e1s\u00e1t is \u00faj szintre emeli. Az innov\u00e1ci\u00f3 m\u00f6g\u00f6tt \u00e1ll\u00f3 N\u00e1dorfi \u00c1rp\u00e1d nemr\u00e9g elnyerte a 2024-es \u201eBusiness Champions of Central Europe\u201d d\u00edjat, amelyet a fenntarthat\u00f3s\u00e1g \u00e9s az innov\u00e1ci\u00f3 ter\u00e9n el\u00e9rt kiemelked\u0151 eredm\u00e9nyei\u00e9rt \u00edt\u00e9ltek oda neki. Az elismer\u00e9s, a szakmai vezet\u00e9se mellett, a csapata \u00e1ltal kifejlesztett technol\u00f3gia glob\u00e1lis jelent\u0151s\u00e9g\u00e9t is t\u00fckr\u00f6zi.<\/p>\n<p>A n\u00e1triumion akkumul\u00e1torok k\u00fcl\u00f6nlegess\u00e9ge, hogy sz\u00e9ls\u0151s\u00e9ges h\u0151m\u00e9rs\u00e9kleti k\u00f6r\u00fclm\u00e9nyek k\u00f6z\u00f6tt is m\u0171k\u00f6d\u0151k\u00e9pesek, \u00e9s el\u0151\u00e1ll\u00edt\u00e1suk a hagyom\u00e1nyos akkumul\u00e1torokhoz k\u00e9pest j\u00f3val kisebb k\u00f6rnyezeti terhel\u00e9ssel j\u00e1r, mik\u00f6zben tov\u00e1bb b\u0151v\u00edtik az energiat\u00e1rol\u00e1si lehet\u0151s\u00e9geket. B\u00e1r a \u201cs\u00f3-akkumul\u00e1torok\u201d nem helyettes\u00edtik a l\u00edtiumion technol\u00f3gi\u00e1t, \u00faj alternat\u00edv\u00e1t k\u00edn\u00e1lnak az energiat\u00e1rol\u00e1s ter\u00e9n, k\u00fcl\u00f6n\u00f6sen ott, ahol a biztons\u00e1g \u00e9s a fenntarthat\u00f3s\u00e1g alapvet\u0151 szempont. Hogyan v\u00e1ltoztatja meg mindez a h\u00e9tk\u00f6znapokat, \u00e9s milyen szerepet j\u00e1tszik benne N\u00e1dorfi \u00c1rp\u00e1d, a hamarosan Zrt.-v\u00e9 alakul\u00f3 <a href=\"https:\/\/nullrezsi.eu\/\" target=\"_blank\" rel=\"noopener\">TOP NRG<\/a> tulajdonosa, aki csapat\u00e1val a fenntarthat\u00f3 j\u00f6v\u0151 egyik kulcstechnol\u00f3gi\u00e1j\u00e1t fejleszti?<\/p>\n<h3>Egy akkumul\u00e1tor technol\u00f3gia, t\u00fal a l\u00edtiumion korl\u00e1tain<\/h3>\n<p>A l\u00edtiumion akkumul\u00e1torok dominanci\u00e1ja ellen\u00e9re a technol\u00f3gi\u00e1nak t\u00f6bb kih\u00edv\u00e1ssal kell szemben\u00e9znie. A hagyom\u00e1nyos akkumul\u00e1torok k\u00f6rnyezetk\u00e1ros\u00edt\u00f3 hat\u00e1sa \u00e9s az el\u0151\u00e1ll\u00edt\u00e1sukhoz sz\u00fcks\u00e9ges alapanyagok beszerz\u00e9se is egyre nagyobb neh\u00e9zs\u00e9gekbe \u00fctk\u00f6zik. A n\u00e1triumion akkumul\u00e1torok t\u00f6bb szempontb\u00f3l is kezelik ezt a probl\u00e9m\u00e1t, mik\u00f6zben kieg\u00e9sz\u00edtik a l\u00edtiumion technol\u00f3gia el\u0151nyeit. M\u0171k\u00f6d\u00e9si elv\u00fck alapvet\u0151en hasonl\u00edt a l\u00edtiumion technol\u00f3gi\u00e1hoz, de \u00faj lehet\u0151s\u00e9geket nyitnak a biztons\u00e1g \u00e9s a fenntarthat\u00f3s\u00e1g ter\u00e9n. A f\u0151 alapanyaguk, a n\u00e1trium-klorid \u2013 azaz a s\u00f3 \u2013, b\u0151s\u00e9gesen rendelkez\u00e9sre \u00e1ll, ami k\u00f6rnyezetbar\u00e1tabb\u00e1, illetve gazdas\u00e1gosabb\u00e1 teszi \u0151ket, emellett a h\u0151m\u00e9rs\u00e9klet-ingadoz\u00e1sok sem befoly\u00e1solj\u00e1k a teljes\u00edtm\u00e9ny\u00fcket.<\/p>\n<p>\u201cA n\u00e1triumion akkumul\u00e1torok kev\u00e9sb\u00e9 gy\u00fal\u00e9konyak \u00e9s sz\u00e9les, \u201340 \u00b0C-t\u00f3l +60 \u00b0C-ig terjed\u0151 h\u0151m\u00e9rs\u00e9kleti t\u0171r\u00e9se lehet\u0151v\u00e9 teszi, hogy extr\u00e9m id\u0151j\u00e1r\u00e1si k\u00f6r\u00fclm\u00e9nyek k\u00f6z\u00f6tt is megb\u00edzhat\u00f3an m\u0171k\u00f6djenek. Azonban az energias\u0171r\u0171s\u00e9g\u00fck alacsonyabb a l\u00edtiumion akkumul\u00e1torok\u00e9n\u00e1l, emiatt ugyanolyan teljes\u00edtm\u00e9nyn\u00e9l a m\u00e9ret\u00fck 5-10%-kal nagyobb lehet. Ez a k\u00fcl\u00f6nbs\u00e9g viszont \u00e1ltal\u00e1ban csup\u00e1n n\u00e9h\u00e1ny centim\u00e9tert jelent, ami ipari \u00e9s h\u00e1ztart\u00e1si k\u00f6rnyezetben gyakorlatilag \u00e9szrevehetetlen. A 10,24 kW-os n\u00e1triumion akkumul\u00e1torunk m\u00e9reteiben \u00e9s s\u00faly\u00e1ban \u2013 470x680x240 mm, 102 kg \u2013 versenyk\u00e9pes a hazai piacon el\u00e9rhet\u0151 l\u00edtiumion modellekkel. R\u00e1ad\u00e1sul a vil\u00e1g invertereinek 90%-\u00e1val kompatibilisek\u201d \u2013 mutat r\u00e1 N\u00e1dorfi \u00c1rp\u00e1d, a 2023-ban Eur\u00f3pai M\u00e9rf\u00f6ldk\u0151 d\u00edjjal kit\u00fcntetett Top NRG \u00fcgyvezet\u0151je.<\/p>\n<h3>Testre szabott akkumul\u00e1tor megold\u00e1sok<\/h3>\n<p>A k\u00fcl\u00f6nb\u00f6z\u0151 felhaszn\u00e1l\u00e1si k\u00f6rnyezetek egyedi energiat\u00e1rol\u00e1si megold\u00e1sokat ig\u00e9nyelnek. A l\u00edtiumion \u00e9s n\u00e1triumion akkumul\u00e1torok pedig elt\u00e9r\u0151 el\u0151nyeik r\u00e9v\u00e9n k\u00fcl\u00f6nb\u00f6z\u0151 ter\u00fcleteken mutatj\u00e1k meg val\u00f3di er\u0151ss\u00e9geiket. A Top NRG okos l\u00edtiumion akkumul\u00e1torai olyan helysz\u00edneken is bizony\u00edtottak m\u00e1r, ahol a sz\u00fcnetmentes \u00e1ramell\u00e1t\u00e1s elengedhetetlen \u2013 p\u00e9ld\u00e1ul orvosi rendel\u0151kben, \u00fczemekben \u00e9s adatk\u00f6zpontokban. Fejlett technol\u00f3gi\u00e1juk r\u00e9v\u00e9n megb\u00edzhat\u00f3 energiaell\u00e1t\u00e1st garant\u00e1lnak ,\u00e9s jelent\u0151s k\u00f6lts\u00e9gmegtakar\u00edt\u00e1st eredm\u00e9nyeznek a felhaszn\u00e1l\u00f3k sz\u00e1m\u00e1ra.<\/p>\n<p>Ezzel szemben a n\u00e1triumion akkumul\u00e1torokat kifejezetten a lakoss\u00e1gnak, valamint ipari energiat\u00e1rol\u00e1si feladatokra tervezt\u00e9k, ahol a s\u00faly nem jelent h\u00e1tr\u00e1nyt. Ezek az akkumul\u00e1torok g\u00f6rg\u0151k\u00f6n elhelyezve biztos\u00edtj\u00e1k a fenntarthat\u00f3 \u00e9s stabil energiaell\u00e1t\u00e1st, hossz\u00fa \u00e9lettartammal \u00e9s kiemelked\u0151 megb\u00edzhat\u00f3s\u00e1ggal.<\/p>\n<p>\u201eBiztons\u00e1gtechnikailag a l\u00edtiumion \u00e9s a n\u00e1triumion akkumul\u00e1toraink is magas szintet k\u00e9pviselnek. A hagyom\u00e1nyos akkumul\u00e1torok olyan helyzetekben is hat\u00e9kony energiat\u00e1rol\u00e1si lehet\u0151s\u00e9get k\u00edn\u00e1lnak, ahol a kompakt m\u00e9ret \u00e9s a k\u00f6nny\u0171 hordozhat\u00f3s\u00e1g elengedhetetlen. Ezzel szemben a n\u00e1triumion akkumul\u00e1torokat kifejezetten az olyan rendszerekhez fejlesztett\u00fck, ahol a stabilit\u00e1s \u00e9s a hossz\u00fa t\u00e1v\u00fa megb\u00edzhat\u00f3s\u00e1g k\u00f6rnyezetv\u00e9delem, a legfontosabb szempont. A g\u00f6rg\u0151k\u00f6n elhelyezhet\u0151 modulok eset\u00e9ben a nagyobb s\u00faly nem h\u00e1tr\u00e1ny. A k\u00e9t technol\u00f3gia t\u00f6k\u00e9letesen kieg\u00e9sz\u00edti egym\u00e1st, \u00e9s biztos\u00edtja, hogy minden ig\u00e9nyre megtal\u00e1ljuk a legjobb megold\u00e1st\u201d \u2013 tette hozz\u00e1 a nemr\u00e9g k\u00e9t rangos d\u00edjjal, k\u00f6zt\u00fck a 2024-es \u201eBusiness Champions of Central Europe\u201d elismer\u00e9ssel kit\u00fcntetett szakember.<\/p>\n<h3>Az akkumul\u00e1tor technol\u00f3gia \u00e9s az energiaf\u00fcggetlens\u00e9g \u00faj szintje<\/h3>\n<p>Egyre t\u00f6bb otthonban jelennek meg az \u00fan. okos m\u00e9r\u0151\u00f3r\u00e1k, amelyek 2026-t\u00f3l lehet\u0151v\u00e9 teszik, hogy a szolg\u00e1ltat\u00f3k az \u00e1ramfogyaszt\u00e1st a pillanatnyi piaci \u00e1r szerint sz\u00e1molj\u00e1k el. Ez naponta t\u00f6bb d\u00edjszab\u00e1st is jelenthet, ami a fogyaszt\u00f3k sz\u00e1m\u00e1ra nem mindig lesz el\u0151ny\u00f6s. Napk\u00f6zben, a naper\u0151m\u0171vek t\u00faltermel\u00e9se miatt olcs\u00f3 id\u0151szakokban az akkumul\u00e1torok felt\u00f6lt\u0151dhetnek, az esti, dr\u00e1g\u00e1bb \u00f3r\u00e1kban pedig ezekb\u0151l fedezhet\u0151 a h\u00e1ztart\u00e1sok energiaig\u00e9nye.<\/p>\n<p>\u201cA n\u00e1triumion akkumul\u00e1torok \u00e9s a l\u00edtiumion okos akkumul\u00e1torunk, k\u00fcl\u00f6n\u00f6sen alkalmasak lesznek erre a c\u00e9lra. Az alapanyaguk, a n\u00e1trium, nem toxikus, k\u00f6nnyen hozz\u00e1f\u00e9rhet\u0151, \u00e9s a gy\u00e1rt\u00e1si, illetve sz\u00e9tszerel\u00e9si folyamatuk j\u00f3val kisebb k\u00f6rnyezeti terhel\u00e9ssel j\u00e1r, mint a l\u00edtiumion technol\u00f3gi\u00e1k\u00e9. B\u00e1r jelenleg a n\u00e1triumion akkumul\u00e1torok \u00e1ra hasonl\u00f3 a l\u00edtiumion t\u00e1rsaik\u00e9hoz, a nagy\u00fczemi gy\u00e1rt\u00e1s elindul\u00e1s\u00e1val az \u00e1rak jelent\u0151sen cs\u00f6kkenhetnek, \u00edgy a h\u00e1ztart\u00e1sok \u00e9s ipari szerepl\u0151k sz\u00e1m\u00e1ra is vonz\u00f3 alternat\u00edv\u00e1t k\u00edn\u00e1lhatnak, \u00e9s j\u00f3l illeszkednek a modern h\u00e1ztart\u00e1sok ig\u00e9nyeihez\u201d \u2013 hangs\u00falyozza N\u00e1dorfi \u00c1rp\u00e1d.<\/p>\n<p>A l\u00edtiumion \u00e9s n\u00e1triumion akkumul\u00e1torok egy\u00fcttes alkalmaz\u00e1sa lehet\u0151v\u00e9 teszi, hogy a h\u00e1ztart\u00e1sok, v\u00e1llalkoz\u00e1sok \u00e9s ipari szerepl\u0151k egyar\u00e1nt hat\u00e9kony, fenntarthat\u00f3 \u00e9s megb\u00edzhat\u00f3 energiaell\u00e1t\u00e1shoz jussanak, mik\u00f6zben cs\u00f6kkentik \u00f6kol\u00f3giai l\u00e1bnyomukat.<\/p>\n<h4><em>\u201cEzzel a technol\u00f3gi\u00e1val a fenntarthat\u00f3s\u00e1g \u00e9s a gazdas\u00e1goss\u00e1g k\u00e9z a k\u00e9zben j\u00e1r. Az akkumul\u00e1torok hossz\u00fa, 7000 ciklus\u00fa \u00e9lettartama \u2013 ak\u00e1r k\u00e9s\u0151bb 10 ezer ciklus is lehet \u2013 jelent\u0151s id\u0151- \u00e9s k\u00f6lts\u00e9gmegtakar\u00edt\u00e1st eredm\u00e9nyez, mik\u00f6zben a h\u00e1l\u00f3zat megb\u00edzhatatlans\u00e1g\u00e1b\u00f3l ered\u0151 probl\u00e9m\u00e1kat is enyh\u00edti. \u00c1ramsz\u00fcnet idej\u00e9n sz\u00fcnetmentes \u00e1ramell\u00e1t\u00e1st biztos\u00edtanak, \u00e9s t\u00e1mogatj\u00e1k a h\u00e1ztart\u00e1sok energiaf\u00fcggetlens\u00e9g\u00e9t. R\u00e1ad\u00e1sul eszt\u00e9tikus kialak\u00edt\u00e1suknak k\u00f6sz\u00f6nhet\u0151en k\u00f6nnyed\u00e9n illeszkednek a modern otthonok enteri\u0151rj\u00e9be is\u201d <\/em><\/h4>\n<p>\u2013 z\u00e1rta gondolatait az innovat\u00edv energiat\u00e1rol\u00e1si megold\u00e1sok szak\u00e9rt\u0151je.<\/p>\n<p style=\"text-align: right;\"><em>Fot\u00f3: Pixabay (illusztr\u00e1ci\u00f3)<\/em><\/p>\n<p>&nbsp;<\/p>\n<p style=\"text-align: center;\">*<\/p>\n<p style=\"text-align: center;\">Olvasd rendszeresen<a href=\"https:\/\/insidernews.hu\/\" target=\"_blank\" rel=\"noopener\">\u00a0az Insidernews.hu innov\u00e1ci\u00f3s port\u00e1l<\/a>\u00a0\u00e9s partneroldalunk,<a href=\"https:\/\/insiderblog.hu\/\" target=\"_blank\" rel=\"noopener\">\u00a0az Insiderblog.hu<\/a>\u00a0innov\u00e1ci\u00f3s h\u00edreit is!<\/p>\n<h4 style=\"text-align: center;\"><a href=\"https:\/\/insiderblog.hu\/\" target=\"_blank\" rel=\"noopener\">https:\/\/insiderblog.hu\/<\/a><\/h4>\n<p><a href=\"https:\/\/insiderblog.hu\/\" target=\"_blank\" rel=\"noopener\"><img decoding=\"async\" class=\"aligncenter wp-image-2204 size-medium\" src=\"https:\/\/insidernews.hu\/wp-content\/uploads\/2023\/12\/insiderblog-banner-300x73.png\" sizes=\"(max-width: 300px) 100vw, 300px\" srcset=\"https:\/\/insidernews.hu\/wp-content\/uploads\/2023\/12\/insiderblog-banner-300x73.png 300w, https:\/\/insidernews.hu\/wp-content\/uploads\/2023\/12\/insiderblog-banner-768x186.png 768w, https:\/\/insidernews.hu\/wp-content\/uploads\/2023\/12\/insiderblog-banner.png 920w\" alt=\"insiderblog\" width=\"300\" height=\"73\" \/><\/a><\/p>\n","protected":false},"excerpt":{"rendered":"<p>S\u00f3 alap\u00fa akkumul\u00e1tor? Hallott\u00e1l m\u00e1r err\u0151l?\u00a0N\u00e9zz\u00fck, hogy mik\u00e9nt hozhatja el a fenntarthat\u00f3 energiat\u00e1rol\u00e1st egy magyar innov\u00e1ci\u00f3? Az energiat\u00e1rol\u00e1s ugyanis forradalmi<\/p>\n","protected":false},"author":1,"featured_media":57,"comment_status":"open","ping_status":"open","sticky":false,"template":"","format":"standard","meta":{"rank_math_lock_modified_date":false,"_monsterinsights_skip_tracking":false,"_monsterinsights_sitenote_active":false,"_monsterinsights_sitenote_note":"","_monsterinsights_sitenote_category":0,"footnotes":""},"categories":[9],"tags":[17,18,19],"class_list":["post-56","post","type-post","status-publish","format-standard","has-post-thumbnail","hentry","category-hirek","tag-akkumulator","tag-so-alapu-akkumulator","tag-top-nrg"],"_links":{"self":[{"href":"https:\/\/insidergreen.hu\/index.php\/wp-json\/wp\/v2\/posts\/56","targetHints":{"allow":["GET"]}}],"collection":[{"href":"https:\/\/insidergreen.hu\/index.php\/wp-json\/wp\/v2\/posts"}],"about":[{"href":"https:\/\/insidergreen.hu\/index.php\/wp-json\/wp\/v2\/types\/post"}],"author":[{"embeddable":true,"href":"https:\/\/insidergreen.hu\/index.php\/wp-json\/wp\/v2\/users\/1"}],"replies":[{"embeddable":true,"href":"https:\/\/insidergreen.hu\/index.php\/wp-json\/wp\/v2\/comments?post=56"}],"version-history":[{"count":3,"href":"https:\/\/insidergreen.hu\/index.php\/wp-json\/wp\/v2\/posts\/56\/revisions"}],"predecessor-version":[{"id":65,"href":"https:\/\/insidergreen.hu\/index.php\/wp-json\/wp\/v2\/posts\/56\/revisions\/65"}],"wp:featuredmedia":[{"embeddable":true,"href":"https:\/\/insidergreen.hu\/index.php\/wp-json\/wp\/v2\/media\/57"}],"wp:attachment":[{"href":"https:\/\/insidergreen.hu\/index.php\/wp-json\/wp\/v2\/media?parent=56"}],"wp:term":[{"taxonomy":"category","embeddable":true,"href":"https:\/\/insidergreen.hu\/index.php\/wp-json\/wp\/v2\/categories?post=56"},{"taxonomy":"post_tag","embeddable":true,"href":"https:\/\/insidergreen.hu\/index.php\/wp-json\/wp\/v2\/tags?post=56"}],"curies":[{"name":"wp","href":"https:\/\/api.w.org\/{rel}","templated":true}]}}